{"id":5130,"date":"2020-07-05T12:32:06","date_gmt":"2020-07-05T10:32:06","guid":{"rendered":"https:\/\/www.set.ch\/?p=5130"},"modified":"2020-11-02T08:56:23","modified_gmt":"2020-11-02T07:56:23","slug":"interview-schweizer-illustrierte","status":"publish","type":"post","link":"https:\/\/www.set.ch\/it\/interview-schweizer-illustrierte\/","title":{"rendered":"Interview mit Urs Urech in der Schweizer Illustrierten"},"content":{"rendered":"<p>Die Beratungen von Lehrpersonen und Schulleitungen waren gerade in den letzten Wochen, als der Pr\u00e4senzunterricht an den Schulen wieder aufgenommen wurde, aktuell und gefragt. Auch \u00fcber die antirassistische Erziehung von Eltern informiert die Schweizer Illustrierte in einem ausf\u00fchrlichen Interview unseres Gesch\u00e4ftsleiters.<\/p>\n<div style=\"width: 400px;\"><a href=\"https:\/\/www.schweizer-illustrierte.ch\/family\/alltag\/tabus-haben-der-rassismus-debatte-keinen-platz\" class=\"btn btn-green btn-sm\" target=\"_blank\">Zum gesamten Interview hier<\/a><\/div>\n<p>&nbsp;<\/p>\n","protected":false},"excerpt":{"rendered":"<p>Die Beratungen von Lehrpersonen und Schulleitungen waren gerade in den letzten Wochen, als der Pr\u00e4senzunterricht an den Schulen wieder aufgenommen wurde, aktuell und gefragt. Auch \u00fcber die antirassistische Erziehung von Eltern informiert die Schweizer Illustrierte in einem ausf\u00fchrlichen Interview unseres<span class=\"read-more-cbtn\"> [weiterlesen]<\/span><\/p>\n","protected":false},"author":7,"featured_media":5131,"comment_status":"closed","ping_status":"open","sticky":false,"template":"","format":"standard","meta":{"inline_featured_image":false,"footnotes":""},"categories":[1,8],"tags":[],"class_list":["post-5130","post","type-post","status-publish","format-standard","has-post-thumbnail","hentry","category-allgemein","category-news"],"aioseo_notices":[],"_links":{"self":[{"href":"https:\/\/www.set.ch\/it\/wp-json\/wp\/v2\/posts\/5130","targetHints":{"allow":["GET"]}}],"collection":[{"href":"https:\/\/www.set.ch\/it\/wp-json\/wp\/v2\/posts"}],"about":[{"href":"https:\/\/www.set.ch\/it\/wp-json\/wp\/v2\/types\/post"}],"author":[{"embeddable":true,"href":"https:\/\/www.set.ch\/it\/wp-json\/wp\/v2\/users\/7"}],"replies":[{"embeddable":true,"href":"https:\/\/www.set.ch\/it\/wp-json\/wp\/v2\/comments?post=5130"}],"version-history":[{"count":7,"href":"https:\/\/www.set.ch\/it\/wp-json\/wp\/v2\/posts\/5130\/revisions"}],"predecessor-version":[{"id":5141,"href":"https:\/\/www.set.ch\/it\/wp-json\/wp\/v2\/posts\/5130\/revisions\/5141"}],"wp:featuredmedia":[{"embeddable":true,"href":"https:\/\/www.set.ch\/it\/wp-json\/wp\/v2\/media\/5131"}],"wp:attachment":[{"href":"https:\/\/www.set.ch\/it\/wp-json\/wp\/v2\/media?parent=5130"}],"wp:term":[{"taxonomy":"category","embeddable":true,"href":"https:\/\/www.set.ch\/it\/wp-json\/wp\/v2\/categories?post=5130"},{"taxonomy":"post_tag","embeddable":true,"href":"https:\/\/www.set.ch\/it\/wp-json\/wp\/v2\/tags?post=5130"}],"curies":[{"name":"wp","href":"https:\/\/api.w.org\/{rel}","templated":true}]}}