{"id":4826,"date":"2019-09-15T12:12:49","date_gmt":"2019-09-15T10:12:49","guid":{"rendered":"https:\/\/www.set.ch\/?p=4826"},"modified":"2020-11-02T08:57:08","modified_gmt":"2020-11-02T07:57:08","slug":"studienreise-holocaust-2019","status":"publish","type":"post","link":"https:\/\/www.set.ch\/it\/studienreise-holocaust-2019\/","title":{"rendered":"Studienreise f\u00fcr Geschichtslehrpersonen zum Thema Holocaust-Unterricht"},"content":{"rendered":"<p><span style=\"font-weight: 400;\">Anfangs August f\u00fchrte Urs Urech, der Gesch\u00e4ftsf\u00fchrer der Stiftung f\u00fcr Erziehung zur Toleranz SET, eine Studienwoche zum Thema Holocaust-Unterricht f\u00fcr zehn Aargauer Geschichtslehrpersonen in Israel durch. Das vielf\u00e4ltige Seminarprogramm an der Internationalen Schule f\u00fcr Holocaust Studien in Yad Vashem in Jerusalem und am Zentrum f\u00fcr Holocaust-Studien an der Universit\u00e4t Haifa hat die Lehrpersonen nachhaltig gepr\u00e4gt. Der Kurs wurde von der P\u00e4dagogischen Hochschule der Nordwestschweiz veranstaltet und von der GRA unterst\u00fctzt. Im Herbst 2020 wird eine weitere solche Studienreise stattfinden.\u00a0<\/span><\/p>\n<p><span style=\"font-weight: 400;\">Hier einige Eindr\u00fccke der Kursteilnehmer:<\/span><\/p>\n<p>&nbsp;<\/p>\n<p><i><span style=\"font-weight: 400;\">\u00abMit grosser Wucht wurden wir von den Informationen und Gedenkst\u00e4tten gesch\u00fcttelt. Die Schrecknisse \u00fcberforderten unseren Verstand, liessen uns verstummen. Der Br\u00fcckenschlag zum eigenen Unterricht an diesem Ort war sehr anregend.\u00bb<\/span><\/i><\/p>\n<p><i><span style=\"font-weight: 400;\">M.G., Primarlehrer in Oftringen<\/span><\/i><\/p>\n<p>&nbsp;<\/p>\n<p><i><span style=\"font-weight: 400;\">\u00abDiese Studienreise hat mir viele wertvolle Inputs f\u00fcr meinen Unterricht vermittelt. In Zukunft werde ich auch vermehrt aufzeigen, wie vielf\u00e4ltig der j\u00fcdische Widerstand war. Der Aufstand im j\u00fcdischen Ghetto bekommt ganz sicher einen gr\u00f6sseren Platz in meinem Unterricht.\u00bb<\/span><\/i><\/p>\n<p><i><span style=\"font-weight: 400;\">N.W., Sekundarlehrerin in Merenschwand\u00a0<\/span><\/i><\/p>\n<p>&nbsp;<\/p>\n<p><i><span style=\"font-weight: 400;\">Vom Einzelschicksal ausgehend l\u00e4sst sich die Tragik des Holocaust besser einordnen. Wir sprechen nicht von T\u00e4tern und Opfern, sondern von Menschen. Menschen haben diese Verbrechen an anderen Menschen ver\u00fcbt. Und: Wir vermischen die \u00abSchoah\u00bb nicht mit dem Thema \u00abJudentum\u00bb.<\/span><\/i><\/p>\n<p><i><span style=\"font-weight: 400;\">S.W., Sekundarlehrer in Aarau<\/span><\/i><\/p>\n<p>&nbsp;<\/p>\n<p><span style=\"font-weight: 400;\">(Fotokommentar: Aargauer Lehrpersonen beim Denkmal der Deportationen, Gedenkst\u00e4tte Yad Vashem, Jerusalem)<\/span><\/p>\n<p>&nbsp;<\/p>\n","protected":false},"excerpt":{"rendered":"<p>Anfangs August f\u00fchrte Urs Urech, der Gesch\u00e4ftsf\u00fchrer der Stiftung f\u00fcr Erziehung zur Toleranz SET, eine Studienwoche zum Thema Holocaust-Unterricht f\u00fcr zehn Aargauer Geschichtslehrpersonen in Israel durch. Das vielf\u00e4ltige Seminarprogramm an der Internationalen Schule f\u00fcr Holocaust Studien in Yad Vashem in<span class=\"read-more-cbtn\"> [weiterlesen]<\/span><\/p>\n","protected":false},"author":7,"featured_media":4830,"comment_status":"closed","ping_status":"open","sticky":false,"template":"","format":"standard","meta":{"inline_featured_image":false,"footnotes":""},"categories":[1,8],"tags":[],"class_list":["post-4826","post","type-post","status-publish","format-standard","has-post-thumbnail","hentry","category-allgemein","category-news"],"aioseo_notices":[],"_links":{"self":[{"href":"https:\/\/www.set.ch\/it\/wp-json\/wp\/v2\/posts\/4826","targetHints":{"allow":["GET"]}}],"collection":[{"href":"https:\/\/www.set.ch\/it\/wp-json\/wp\/v2\/posts"}],"about":[{"href":"https:\/\/www.set.ch\/it\/wp-json\/wp\/v2\/types\/post"}],"author":[{"embeddable":true,"href":"https:\/\/www.set.ch\/it\/wp-json\/wp\/v2\/users\/7"}],"replies":[{"embeddable":true,"href":"https:\/\/www.set.ch\/it\/wp-json\/wp\/v2\/comments?post=4826"}],"version-history":[{"count":4,"href":"https:\/\/www.set.ch\/it\/wp-json\/wp\/v2\/posts\/4826\/revisions"}],"predecessor-version":[{"id":4831,"href":"https:\/\/www.set.ch\/it\/wp-json\/wp\/v2\/posts\/4826\/revisions\/4831"}],"wp:featuredmedia":[{"embeddable":true,"href":"https:\/\/www.set.ch\/it\/wp-json\/wp\/v2\/media\/4830"}],"wp:attachment":[{"href":"https:\/\/www.set.ch\/it\/wp-json\/wp\/v2\/media?parent=4826"}],"wp:term":[{"taxonomy":"category","embeddable":true,"href":"https:\/\/www.set.ch\/it\/wp-json\/wp\/v2\/categories?post=4826"},{"taxonomy":"post_tag","embeddable":true,"href":"https:\/\/www.set.ch\/it\/wp-json\/wp\/v2\/tags?post=4826"}],"curies":[{"name":"wp","href":"https:\/\/api.w.org\/{rel}","templated":true}]}}