{"id":4805,"date":"2019-03-04T10:59:16","date_gmt":"2019-03-04T09:59:16","guid":{"rendered":"https:\/\/www.set.ch\/?p=4805"},"modified":"2019-03-04T10:59:16","modified_gmt":"2019-03-04T09:59:16","slug":"set-geschaeftsleiter-urs-urech-moderierte-das-zeitzeugengespraech","status":"publish","type":"post","link":"https:\/\/www.set.ch\/it\/set-geschaeftsleiter-urs-urech-moderierte-das-zeitzeugengespraech\/","title":{"rendered":"SET-Gesch\u00e4ftsleiter Urs Urech moderierte das Zeitzeugengespr\u00e4ch"},"content":{"rendered":"<p>Die SET wirkte am 28.02.2019 an einer \u00f6ffentlichen Veranstaltung mit zum Holocaust Gedenktag an der P\u00e4dagogischen Hochschule Z\u00fcrich zum Thema: Wie kann der Holocaust auf der Primarstufe unterrichtet werden?<\/p>\n<p>Der Gesch\u00e4ftsleiter Urs Urech moderierte das Zeitzeugengespr\u00e4ch mit Frau Ruth Kornfeld-Meisner, Z\u00fcrich, die als Kind mit ihren Eltern vor dem Holocaust in die Schweiz geflohen ist. Studierende der Abteilung Primarstufe pr\u00e4sentierten ihre in Lehrveranstaltungen erarbeiteten \u00dcberlegungen und kamen zum Fazit, dass das Lernen anhand von Lebensgeschichten j\u00fcdischer Fl\u00fcchtlingskinder durchaus angebracht sein kann f\u00fcr Kinder der Primarstufe. Die Studierenden bedankten sich mit weissen Rosen bei Frau Kornfeld-Meisner f\u00fcr die interessante Begegnung.<\/p>\n<p><a href=\"https:\/\/www.set.ch\/wp-content\/uploads\/2019\/03\/image005.jpg\"><img loading=\"lazy\" decoding=\"async\" class=\"alignnone size-medium wp-image-4806\" src=\"https:\/\/www.set.ch\/wp-content\/uploads\/2019\/03\/image005-300x200.jpg\" alt=\"\" width=\"300\" height=\"200\" srcset=\"https:\/\/www.set.ch\/wp-content\/uploads\/2019\/03\/image005-300x200.jpg 300w, https:\/\/www.set.ch\/wp-content\/uploads\/2019\/03\/image005-768x512.jpg 768w, https:\/\/www.set.ch\/wp-content\/uploads\/2019\/03\/image005-1024x682.jpg 1024w, https:\/\/www.set.ch\/wp-content\/uploads\/2019\/03\/image005.jpg 1280w\" sizes=\"auto, (max-width: 300px) 100vw, 300px\" \/><\/a> <a href=\"https:\/\/www.set.ch\/wp-content\/uploads\/2019\/03\/image004_2.jpg\"><img loading=\"lazy\" decoding=\"async\" class=\"alignnone size-medium wp-image-4807\" src=\"https:\/\/www.set.ch\/wp-content\/uploads\/2019\/03\/image004_2-300x200.jpg\" alt=\"\" width=\"300\" height=\"200\" srcset=\"https:\/\/www.set.ch\/wp-content\/uploads\/2019\/03\/image004_2-300x200.jpg 300w, https:\/\/www.set.ch\/wp-content\/uploads\/2019\/03\/image004_2-768x512.jpg 768w, https:\/\/www.set.ch\/wp-content\/uploads\/2019\/03\/image004_2-1024x682.jpg 1024w, https:\/\/www.set.ch\/wp-content\/uploads\/2019\/03\/image004_2.jpg 1280w\" sizes=\"auto, (max-width: 300px) 100vw, 300px\" \/><\/a> <a href=\"https:\/\/www.set.ch\/wp-content\/uploads\/2019\/03\/image003.jpg\"><img loading=\"lazy\" decoding=\"async\" class=\"alignnone size-medium wp-image-4809\" src=\"https:\/\/www.set.ch\/wp-content\/uploads\/2019\/03\/image003-300x200.jpg\" alt=\"\" width=\"300\" height=\"200\" srcset=\"https:\/\/www.set.ch\/wp-content\/uploads\/2019\/03\/image003-300x200.jpg 300w, https:\/\/www.set.ch\/wp-content\/uploads\/2019\/03\/image003-768x512.jpg 768w, https:\/\/www.set.ch\/wp-content\/uploads\/2019\/03\/image003-1024x682.jpg 1024w, https:\/\/www.set.ch\/wp-content\/uploads\/2019\/03\/image003.jpg 1280w\" sizes=\"auto, (max-width: 300px) 100vw, 300px\" \/><\/a> <a href=\"https:\/\/www.set.ch\/wp-content\/uploads\/2019\/03\/image002.jpg\"><img loading=\"lazy\" decoding=\"async\" class=\"alignnone size-medium wp-image-4810\" src=\"https:\/\/www.set.ch\/wp-content\/uploads\/2019\/03\/image002-300x200.jpg\" alt=\"\" width=\"300\" height=\"200\" srcset=\"https:\/\/www.set.ch\/wp-content\/uploads\/2019\/03\/image002-300x200.jpg 300w, https:\/\/www.set.ch\/wp-content\/uploads\/2019\/03\/image002-768x512.jpg 768w, https:\/\/www.set.ch\/wp-content\/uploads\/2019\/03\/image002-1024x682.jpg 1024w, https:\/\/www.set.ch\/wp-content\/uploads\/2019\/03\/image002.jpg 1280w\" sizes=\"auto, (max-width: 300px) 100vw, 300px\" \/><\/a> <a href=\"https:\/\/www.set.ch\/wp-content\/uploads\/2019\/03\/image001.jpg\"><img loading=\"lazy\" decoding=\"async\" class=\"alignnone size-medium wp-image-4811\" src=\"https:\/\/www.set.ch\/wp-content\/uploads\/2019\/03\/image001-300x200.jpg\" alt=\"\" width=\"300\" height=\"200\" srcset=\"https:\/\/www.set.ch\/wp-content\/uploads\/2019\/03\/image001-300x200.jpg 300w, https:\/\/www.set.ch\/wp-content\/uploads\/2019\/03\/image001-768x512.jpg 768w, https:\/\/www.set.ch\/wp-content\/uploads\/2019\/03\/image001-1024x682.jpg 1024w, https:\/\/www.set.ch\/wp-content\/uploads\/2019\/03\/image001.jpg 1280w\" sizes=\"auto, (max-width: 300px) 100vw, 300px\" \/><\/a><\/p>\n","protected":false},"excerpt":{"rendered":"<p>Die SET wirkte am 28.02.2019 an einer \u00f6ffentlichen Veranstaltung mit zum Holocaust Gedenktag an der P\u00e4dagogischen Hochschule Z\u00fcrich zum Thema: Wie kann der Holocaust auf der Primarstufe unterrichtet werden? Der Gesch\u00e4ftsleiter Urs Urech moderierte das Zeitzeugengespr\u00e4ch mit Frau Ruth Kornfeld-Meisner,<span class=\"read-more-cbtn\"> [weiterlesen]<\/span><\/p>\n","protected":false},"author":7,"featured_media":4808,"comment_status":"closed","ping_status":"open","sticky":false,"template":"","format":"standard","meta":{"inline_featured_image":false,"footnotes":""},"categories":[1,8],"tags":[],"class_list":["post-4805","post","type-post","status-publish","format-standard","has-post-thumbnail","hentry","category-allgemein","category-news"],"aioseo_notices":[],"_links":{"self":[{"href":"https:\/\/www.set.ch\/it\/wp-json\/wp\/v2\/posts\/4805","targetHints":{"allow":["GET"]}}],"collection":[{"href":"https:\/\/www.set.ch\/it\/wp-json\/wp\/v2\/posts"}],"about":[{"href":"https:\/\/www.set.ch\/it\/wp-json\/wp\/v2\/types\/post"}],"author":[{"embeddable":true,"href":"https:\/\/www.set.ch\/it\/wp-json\/wp\/v2\/users\/7"}],"replies":[{"embeddable":true,"href":"https:\/\/www.set.ch\/it\/wp-json\/wp\/v2\/comments?post=4805"}],"version-history":[{"count":1,"href":"https:\/\/www.set.ch\/it\/wp-json\/wp\/v2\/posts\/4805\/revisions"}],"predecessor-version":[{"id":4812,"href":"https:\/\/www.set.ch\/it\/wp-json\/wp\/v2\/posts\/4805\/revisions\/4812"}],"wp:featuredmedia":[{"embeddable":true,"href":"https:\/\/www.set.ch\/it\/wp-json\/wp\/v2\/media\/4808"}],"wp:attachment":[{"href":"https:\/\/www.set.ch\/it\/wp-json\/wp\/v2\/media?parent=4805"}],"wp:term":[{"taxonomy":"category","embeddable":true,"href":"https:\/\/www.set.ch\/it\/wp-json\/wp\/v2\/categories?post=4805"},{"taxonomy":"post_tag","embeddable":true,"href":"https:\/\/www.set.ch\/it\/wp-json\/wp\/v2\/tags?post=4805"}],"curies":[{"name":"wp","href":"https:\/\/api.w.org\/{rel}","templated":true}]}}