{"id":5243,"date":"2021-01-31T11:37:36","date_gmt":"2021-01-31T10:37:36","guid":{"rendered":"https:\/\/www.set.ch\/?p=5243"},"modified":"2021-01-31T11:48:45","modified_gmt":"2021-01-31T10:48:45","slug":"rassistische-sprueche-im-chat","status":"publish","type":"post","link":"https:\/\/www.set.ch\/fr\/rassistische-sprueche-im-chat\/","title":{"rendered":"Im Chat gibt es oft rassistische Spr\u00fcche"},"content":{"rendered":"<p>Das Thema Rassismus und Diskriminierung erhielt im 2020 mit den weltweiten \u00abBlack Lives Matter\u00bb Demonstrationen viel Aufmerksamkeit. In diesem ausf\u00fchrlichen Interview in der Limmattaler Wochenzeitung erkl\u00e4rt Urs Urech die Auswirkungen der BLM Demonstrationen in der Schweiz und wie Schulen und Eltern reagieren k\u00f6nnen, wenn Jugendliche sich rassistisch \u00e4ussern.<\/p>\n<p><a href=\"https:\/\/www.set.ch\/wp-content\/uploads\/2021\/01\/SET-Limmatwelle-28.01.2021.pdf\" target=\"_blank\" rel=\"noopener\">Artikel als PDF<\/a><\/p>\n<p><img loading=\"lazy\" decoding=\"async\" class=\"aligncenter wp-image-5250 size-full\" src=\"https:\/\/www.set.ch\/wp-content\/uploads\/2021\/01\/0001-e1612089898374.jpg\" alt=\"\" width=\"2473\" height=\"2552\" srcset=\"https:\/\/www.set.ch\/wp-content\/uploads\/2021\/01\/0001-e1612089898374.jpg 2473w, https:\/\/www.set.ch\/wp-content\/uploads\/2021\/01\/0001-e1612089898374-291x300.jpg 291w, https:\/\/www.set.ch\/wp-content\/uploads\/2021\/01\/0001-e1612089898374-768x793.jpg 768w, https:\/\/www.set.ch\/wp-content\/uploads\/2021\/01\/0001-e1612089898374-992x1024.jpg 992w\" sizes=\"auto, (max-width: 2473px) 100vw, 2473px\" \/><\/p>\n<p>&nbsp;<\/p>\n<style>\ndiv.blog-img {display:none;}<\/style>\n<p>&nbsp;<\/p>\n","protected":false},"excerpt":{"rendered":"<p>Das Thema Rassismus und Diskriminierung erhielt im 2020 mit den weltweiten \u00abBlack Lives Matter\u00bb Demonstrationen viel Aufmerksamkeit. In diesem ausf\u00fchrlichen Interview in der Limmattaler Wochenzeitung erkl\u00e4rt Urs Urech die Auswirkungen der BLM Demonstrationen in der Schweiz und wie Schulen und<span class=\"read-more-cbtn\"> [weiterlesen]<\/span><\/p>\n","protected":false},"author":7,"featured_media":5245,"comment_status":"closed","ping_status":"open","sticky":false,"template":"","format":"standard","meta":{"inline_featured_image":false,"footnotes":""},"categories":[1,8],"tags":[],"class_list":["post-5243","post","type-post","status-publish","format-standard","has-post-thumbnail","hentry","category-allgemein","category-news"],"aioseo_notices":[],"_links":{"self":[{"href":"https:\/\/www.set.ch\/fr\/wp-json\/wp\/v2\/posts\/5243","targetHints":{"allow":["GET"]}}],"collection":[{"href":"https:\/\/www.set.ch\/fr\/wp-json\/wp\/v2\/posts"}],"about":[{"href":"https:\/\/www.set.ch\/fr\/wp-json\/wp\/v2\/types\/post"}],"author":[{"embeddable":true,"href":"https:\/\/www.set.ch\/fr\/wp-json\/wp\/v2\/users\/7"}],"replies":[{"embeddable":true,"href":"https:\/\/www.set.ch\/fr\/wp-json\/wp\/v2\/comments?post=5243"}],"version-history":[{"count":11,"href":"https:\/\/www.set.ch\/fr\/wp-json\/wp\/v2\/posts\/5243\/revisions"}],"predecessor-version":[{"id":5257,"href":"https:\/\/www.set.ch\/fr\/wp-json\/wp\/v2\/posts\/5243\/revisions\/5257"}],"wp:featuredmedia":[{"embeddable":true,"href":"https:\/\/www.set.ch\/fr\/wp-json\/wp\/v2\/media\/5245"}],"wp:attachment":[{"href":"https:\/\/www.set.ch\/fr\/wp-json\/wp\/v2\/media?parent=5243"}],"wp:term":[{"taxonomy":"category","embeddable":true,"href":"https:\/\/www.set.ch\/fr\/wp-json\/wp\/v2\/categories?post=5243"},{"taxonomy":"post_tag","embeddable":true,"href":"https:\/\/www.set.ch\/fr\/wp-json\/wp\/v2\/tags?post=5243"}],"curies":[{"name":"wp","href":"https:\/\/api.w.org\/{rel}","templated":true}]}}