{"id":5138,"date":"2020-07-05T12:39:51","date_gmt":"2020-07-05T10:39:51","guid":{"rendered":"https:\/\/www.set.ch\/?p=5138"},"modified":"2020-11-02T08:56:27","modified_gmt":"2020-11-02T07:56:27","slug":"srf-rassismus-an-schulen","status":"publish","type":"post","link":"https:\/\/www.set.ch\/fr\/srf-rassismus-an-schulen\/","title":{"rendered":"SRF Beitrag  \u00abKein Platz f\u00fcr Rassismus an Schulen\u00bb"},"content":{"rendered":"<h2>\u00abEs ist wichtig, in der Schule eine tolerante Schulkultur aufzubauen, um die Vielfalt zu pflegen\u00bb<\/h2>\n<p>Die Eidgen\u00f6ssische Kommission gegen Rassismus will vermehrt Sch\u00fclerinnen und Sch\u00fcler f\u00fcr Rassismus sensibilisieren. Urs Urech \u00e4ussert sich im Radiointerview zu einer toleranten Schulkultur, wof\u00fcr die SET einsteht.<\/p>\n<div style=\"width: 400px;\"><a href=\"https:\/\/www.srf.ch\/news\/schweiz\/sensibilisierung-gefordert-kein-platz-fuer-rassismus-an-schulen\" class=\"btn btn-green btn-sm\" target=\"_blank\">Zum SRF Beitrag hier<\/a><\/div>\n<p>&nbsp;<\/p>\n","protected":false},"excerpt":{"rendered":"<p>\u00abEs ist wichtig, in der Schule eine tolerante Schulkultur aufzubauen, um die Vielfalt zu pflegen\u00bb Die Eidgen\u00f6ssische Kommission gegen Rassismus will vermehrt Sch\u00fclerinnen und Sch\u00fcler f\u00fcr Rassismus sensibilisieren. Urs Urech \u00e4ussert sich im Radiointerview zu einer toleranten Schulkultur, wof\u00fcr die<span class=\"read-more-cbtn\"> [weiterlesen]<\/span><\/p>\n","protected":false},"author":7,"featured_media":5140,"comment_status":"closed","ping_status":"open","sticky":false,"template":"","format":"standard","meta":{"inline_featured_image":false,"footnotes":""},"categories":[1,8],"tags":[],"class_list":["post-5138","post","type-post","status-publish","format-standard","has-post-thumbnail","hentry","category-allgemein","category-news"],"aioseo_notices":[],"_links":{"self":[{"href":"https:\/\/www.set.ch\/fr\/wp-json\/wp\/v2\/posts\/5138","targetHints":{"allow":["GET"]}}],"collection":[{"href":"https:\/\/www.set.ch\/fr\/wp-json\/wp\/v2\/posts"}],"about":[{"href":"https:\/\/www.set.ch\/fr\/wp-json\/wp\/v2\/types\/post"}],"author":[{"embeddable":true,"href":"https:\/\/www.set.ch\/fr\/wp-json\/wp\/v2\/users\/7"}],"replies":[{"embeddable":true,"href":"https:\/\/www.set.ch\/fr\/wp-json\/wp\/v2\/comments?post=5138"}],"version-history":[{"count":11,"href":"https:\/\/www.set.ch\/fr\/wp-json\/wp\/v2\/posts\/5138\/revisions"}],"predecessor-version":[{"id":5188,"href":"https:\/\/www.set.ch\/fr\/wp-json\/wp\/v2\/posts\/5138\/revisions\/5188"}],"wp:featuredmedia":[{"embeddable":true,"href":"https:\/\/www.set.ch\/fr\/wp-json\/wp\/v2\/media\/5140"}],"wp:attachment":[{"href":"https:\/\/www.set.ch\/fr\/wp-json\/wp\/v2\/media?parent=5138"}],"wp:term":[{"taxonomy":"category","embeddable":true,"href":"https:\/\/www.set.ch\/fr\/wp-json\/wp\/v2\/categories?post=5138"},{"taxonomy":"post_tag","embeddable":true,"href":"https:\/\/www.set.ch\/fr\/wp-json\/wp\/v2\/tags?post=5138"}],"curies":[{"name":"wp","href":"https:\/\/api.w.org\/{rel}","templated":true}]}}