{"id":4349,"date":"2019-02-20T10:38:03","date_gmt":"2019-02-20T09:38:03","guid":{"rendered":"https:\/\/new.set-toleranz.ch\/?p=4349"},"modified":"2020-11-02T08:57:24","modified_gmt":"2020-11-02T07:57:24","slug":"unterricht-holocaust","status":"publish","type":"post","link":"https:\/\/www.set.ch\/fr\/unterricht-holocaust\/","title":{"rendered":"Unterricht \u00fcber den Holocaust"},"content":{"rendered":"<p>Die SET wirkt am Donnerstagabend 28.02.2019 an einer \u00f6ffentlichen Veranstaltung zum Holocaust Gedenktag an der P\u00e4dagogischen Hochschule Z\u00fcrich zum Thema: Wie kann der Holocaust auf der Primarstufe unterrichtet werden?<\/p>\n<p><strong>Donnerstag, 28. Februar 2019, 18:15 bis 19:30 Uhr im H\u00f6rsaal LAA-J002A der PHZH, P\u00e4dagogische Hochschule Z\u00fcrich an der Lagerstrasse 2, 8090 Z\u00fcrich<\/strong><\/p>\n<p>Der Gesch\u00e4ftsleiter Urs Urech moderiert das Zeitzeugengespr\u00e4ch und Studierende der Abteilung Primarstufe gestalten zentrale Elemente des Gedenkanlasses mit. Sie pr\u00e4sentieren ihre in Lehrveranstaltungen erarbeiteten \u00dcberlegungen und f\u00fchren ein Gespr\u00e4ch mit Frau Ruth Kornfeld-Meisner, Z\u00fcrich, die als Kind vor dem Holocaust in die Schweiz geflohen ist.<\/p>\n<a class=\"orange-link-btn-custom-shortcode\" href=\"\/wp-content\/uploads\/2019\/02\/Holocaust_Gedankanlass_2019.pdf\" >PDF Flyer \u00f6ffnen<\/a>\n<p>&nbsp;<\/p>\n","protected":false},"excerpt":{"rendered":"<p>Die SET wirkt am Donnerstagabend 28.02.2019 an einer \u00f6ffentlichen Veranstaltung zum Holocaust Gedenktag an der P\u00e4dagogischen Hochschule Z\u00fcrich zum Thema: Wie kann der Holocaust auf der Primarstufe unterrichtet werden? Donnerstag, 28. Februar 2019, 18:15 bis 19:30 Uhr im H\u00f6rsaal LAA-J002A<span class=\"read-more-cbtn\"> [weiterlesen]<\/span><\/p>\n","protected":false},"author":7,"featured_media":4776,"comment_status":"closed","ping_status":"open","sticky":false,"template":"","format":"standard","meta":{"inline_featured_image":false,"footnotes":""},"categories":[1,8],"tags":[],"class_list":["post-4349","post","type-post","status-publish","format-standard","has-post-thumbnail","hentry","category-allgemein","category-news"],"aioseo_notices":[],"_links":{"self":[{"href":"https:\/\/www.set.ch\/fr\/wp-json\/wp\/v2\/posts\/4349","targetHints":{"allow":["GET"]}}],"collection":[{"href":"https:\/\/www.set.ch\/fr\/wp-json\/wp\/v2\/posts"}],"about":[{"href":"https:\/\/www.set.ch\/fr\/wp-json\/wp\/v2\/types\/post"}],"author":[{"embeddable":true,"href":"https:\/\/www.set.ch\/fr\/wp-json\/wp\/v2\/users\/7"}],"replies":[{"embeddable":true,"href":"https:\/\/www.set.ch\/fr\/wp-json\/wp\/v2\/comments?post=4349"}],"version-history":[{"count":10,"href":"https:\/\/www.set.ch\/fr\/wp-json\/wp\/v2\/posts\/4349\/revisions"}],"predecessor-version":[{"id":4813,"href":"https:\/\/www.set.ch\/fr\/wp-json\/wp\/v2\/posts\/4349\/revisions\/4813"}],"wp:featuredmedia":[{"embeddable":true,"href":"https:\/\/www.set.ch\/fr\/wp-json\/wp\/v2\/media\/4776"}],"wp:attachment":[{"href":"https:\/\/www.set.ch\/fr\/wp-json\/wp\/v2\/media?parent=4349"}],"wp:term":[{"taxonomy":"category","embeddable":true,"href":"https:\/\/www.set.ch\/fr\/wp-json\/wp\/v2\/categories?post=4349"},{"taxonomy":"post_tag","embeddable":true,"href":"https:\/\/www.set.ch\/fr\/wp-json\/wp\/v2\/tags?post=4349"}],"curies":[{"name":"wp","href":"https:\/\/api.w.org\/{rel}","templated":true}]}}